{"id":1206,"date":"2024-06-06T12:52:19","date_gmt":"2024-06-06T12:52:19","guid":{"rendered":"http:\/\/gemsi-rohrbach.saarland\/?p=1206"},"modified":"2024-06-06T13:02:20","modified_gmt":"2024-06-06T13:02:20","slug":"gemsi-zu-besuch-bei-der-staatssekretaerin-im-ministerium-fuer-bildung-und-kultur","status":"publish","type":"post","link":"http:\/\/gemsi-rohrbach.saarland\/?p=1206","title":{"rendered":"Gemsi zu Besuch bei der Staatssekret\u00e4rin im Ministerium f\u00fcr Bildung und Kultur"},"content":{"rendered":"\n<figure class=\"wp-block-image size-large\"><img loading=\"lazy\" decoding=\"async\" width=\"1024\" height=\"768\" src=\"http:\/\/gemsi-rohrbach.saarland\/wp-content\/uploads\/2024\/06\/IMG_7860-1024x768.jpg\" alt=\"\" class=\"wp-image-1213\" srcset=\"http:\/\/gemsi-rohrbach.saarland\/wp-content\/uploads\/2024\/06\/IMG_7860-1024x768.jpg 1024w, http:\/\/gemsi-rohrbach.saarland\/wp-content\/uploads\/2024\/06\/IMG_7860-300x225.jpg 300w, http:\/\/gemsi-rohrbach.saarland\/wp-content\/uploads\/2024\/06\/IMG_7860-768x576.jpg 768w, http:\/\/gemsi-rohrbach.saarland\/wp-content\/uploads\/2024\/06\/IMG_7860-1536x1152.jpg 1536w, http:\/\/gemsi-rohrbach.saarland\/wp-content\/uploads\/2024\/06\/IMG_7860-1200x900.jpg 1200w, http:\/\/gemsi-rohrbach.saarland\/wp-content\/uploads\/2024\/06\/IMG_7860-rotated.jpg 2016w\" sizes=\"auto, (max-width: 709px) 85vw, (max-width: 909px) 67vw, (max-width: 1362px) 62vw, 840px\" \/><\/figure>\n\n\n\n<p><\/p>\n\n\n\n<p>Am Donnerstag, den 21.03.2024 waren die Sch\u00fclerinnen der Gemsi-Redaktion zu Gast im Bildungsministerium. Wir durften an diesem Tag die Staatssekret\u00e4rin besuchen und sie interviewen. Was Sie uns erz\u00e4hlt hat, k\u00f6nnt ihr nun hier nachlesen.<\/p>\n\n\n\n<p>Dies war f\u00fcr uns ein besonderes Erlebnis und hat uns viel Spa\u00df bereitet.<\/p>\n\n\n\n<p><strong>Interview mit der Staatssekret\u00e4rin Frau Heide<\/strong><\/p>\n\n\n\n<ol class=\"wp-block-list\">\n<li>Wie alt sind Sie?<br><br>Jessica Heide: 43 Jahre<br><\/li>\n\n\n\n<li>Wo wohnen Sie? <br><br>Jessica Heide: In Quierschied. Ich bin dort geboren und nie weggezogen.<br><\/li>\n\n\n\n<li>Seit wann sind Sie Staatssekret\u00e4rin?<br><br>Jessica Heide: Seit dem 20.06.2023.<br><\/li>\n\n\n\n<li>Wollten Sie schon immer Staatssekret\u00e4rin werden?<br><br>Jessica Heide: Nein, ich wollte schon immer Lehrerin werden.<br><\/li>\n\n\n\n<li>Was sind Ihre Aufgaben als Staatssekret\u00e4rin?<br><br>Jessica Heide: Meine Aufgaben sind es unter anderem, die Ministerin Fr. Streichert-Clivot in allen Angelegenheiten zu vertreten, die politischen Ideen der Kultusministerin zu unterst\u00fctzen, gefasste Ziele umzusetzen, Gesetze zu ver\u00e4ndern und mit den Mitarbeiter*innen im Haus auf den Weg zu bringen, Aufgaben zu koordinieren und zu planen, Positionen zu besetzen (350 Mitarbeiter), Kinderg\u00e4rten und Schulen zu besuchen und nachzuh\u00f6ren, wo es Schwierigkeiten gibt.<br><\/li>\n\n\n\n<li>Wie sind ihre Arbeitszeiten?<br><br>Jessica Heide: Meine Arbeitszeiten haben sich ver\u00e4ndert. Sie sind nicht mehr festgelegt wie als Lehrerin. Herausforderungen m\u00fcssen gel\u00f6st werden, wenn es n\u00f6tig ist. Dadurch gibt es keine festen Arbeitszeiten. Am Wochenende hab ich meistens nicht frei, da ich h\u00e4ufig Veranstaltungen besuche.<br><\/li>\n\n\n\n<li>Wo haben Sie zuvor gearbeitet?<br><br>Jessica Heide: Ich war Grundschullehrerin. Zun\u00e4chst war ich in Neunkirchen an der Bachschule, danach Schulleiterin an der Grundschule Folsterh\u00f6he und schlie\u00dflich Schulleiterin an der Grundschule Saarbr\u00fccken-Dellengarten.<br><\/li>\n\n\n\n<li>Wie hat sich Ihre T\u00e4tigkeit ver\u00e4ndert?<br><br>Jessica Heide: Ich habe weniger Kontakt mit Sch\u00fclerinnen und Sch\u00fclern, stattdessen arbeite ich mit Erwachsenen. Meinen Tag kann ich nicht mehr selbst organisieren, das Vorzimmer organisiert nun meinen Tagesablauf.<br><\/li>\n\n\n\n<li>Was gef\u00e4llt Ihnen besonders an Ihrer T\u00e4tigkeit?<br><br>Jessica Heide: Meine T\u00e4tigkeiten sind unglaublich abwechslungsreich. Ich habe mit ganz vielen unterschiedlichen Menschen zu tun, die alle eine Leidenschaft f\u00fcr Bildung und Kultur haben. Au\u00dferdem k\u00e4mpfe ich t\u00e4glich f\u00fcr die Sch\u00fcler*innen und steuere mit, die beste L\u00f6sung f\u00fcr die schulische Bildung zu finden.<br><\/li>\n\n\n\n<li>Vermissen Sie ihren alten Beruf bzw. was vermissen Sie an Ihrem alten Beruf?<br><br>Jessica Heide: Ich vermisse die besonderen Momente, die mich als Mensch gepr\u00e4gt haben, Momente, in denen Sch\u00fcler*innen einem Danke sagen und die Arbeit mit jungen Menschen an sich.<br><\/li>\n\n\n\n<li>Was gef\u00e4llt Ihnen besonders am Saarland?<br><br>Jessica Heide: Mir gefallen besonders die kurzen Wege und dass man viele Menschen kennt und von vielen Hilfe bekommt, wenn man sie ben\u00f6tigt. Bemerkenswert ist auch der Zusammenhalt als Gemeinschaft und die N\u00e4he zu Frankreich.<br><\/li>\n\n\n\n<li>Was halten Sie vom saarl\u00e4ndischen Schulsystem?<br><br>Jessica Heide: Im Saarland gibt es die Grundschulen, die Gemeinschaftsschulen, die Gymnasien und die Beruflichen Bildungszentren. Dieses System ist sehr flexibel und offen gestaltet, so dass alle Abschl\u00fcsse m\u00f6glich sind. Viele Sch\u00fcler*innen entwickeln oder erkennen ihre St\u00e4rken erst sp\u00e4ter. So steht beispielsweise im Schulsystem &#8222;Gemeinschaftsschule&#8220;  die Pers\u00f6nlichkeit der Kinder und Jugendlichen im Vordergrund. <br><\/li>\n\n\n\n<li>Einige von uns haben im Wahlpflichtbereich Franz\u00f6sisch und kein Beruf und Wirtschaft. Daher lernen wir w\u00e4hrend unserer Schulzeit nicht so viel \u00fcber &#8222;Steuererkl\u00e4rungen und Finanzen&#8220;. Das w\u00fcrden wir uns aber w\u00fcnschen. Wie k\u00f6nnte man dies verbessern?<br><br>Jessica Heide: Danke, f\u00fcr den Hinweis. Wir nehmen ihn auf. Die Gemeinschaftsschulverordnung wird auch gerade \u00fcberarbeitet, denn die Themen sollen alles Sch\u00fcler*innen zur Verf\u00fcgung stehen. Deswegen sollen Themen wie zum Beispiel &#8222;Finanzen&#8220; im GW-Unterricht mit verankert werden.<br><\/li>\n\n\n\n<li>Was sind Ihre weiteren Verbesserungsvorschl\u00e4ge f\u00fcr das saarl\u00e4ndische Schulsystem?<br><br>Jessica Heide: Das Schulsystem ist noch lange nicht am Ende und Schulen ver\u00e4ndern sich. Man br\u00e4uchte viel mehr Experten zur Unterst\u00fctzung. Au\u00dferdem sollten die \u00dcberg\u00e4nge vom Kindergarten in die Grundschule, von der Grundschule in die weiterf\u00fchren Schule und und von der weiterf\u00fchrenden Schule ans BBZ verbessert werden. Des Weiteren werden therapeutische Unterst\u00fctzung, Schulsozialarbeiter, Erzieher*innnen und Krankenschwestern ben\u00f6tigt.<br><\/li>\n\n\n\n<li>Fr. Bleyer hat Sie an unserem Tag der offenen T\u00fcr vertreten. Wir haben das Siegel &#8222;Schule ohne Rassismus &#8211; Schule mit Courage&#8220; erhalten. Warum finden Sie dieses Engagement wichtig?<br><br>Jessica Heide: Das ist eine Herzensangelegenheit von mir. Wir sind alle Teil eines Planeten und m\u00f6chten alle in Frieden leben. Das Projekt erm\u00f6glicht Kindern und Jugendlichen, sich diesen Werten zu widmen. Ich w\u00fcrde mir auch w\u00fcnschen, dass das Thema in den Schulen noch viel pr\u00e4senter ist und wichtiger w\u00e4re. Jugendliche sollten sich an Projekten dazu beteiligen, denn die demokratische Grundhaltung ist f\u00fcr die Gesellschaft wichtig. <br><br><br>Vielen Dank f\u00fcr die Einladung! Wir hatten einen sehr sch\u00f6nen Tag und haben uns gefreut, dass unsere Meinung auch geh\u00f6rt wurde.<br><\/li>\n<\/ol>\n\n\n\n<figure class=\"wp-block-image size-large\"><img loading=\"lazy\" decoding=\"async\" width=\"1024\" height=\"768\" src=\"http:\/\/gemsi-rohrbach.saarland\/wp-content\/uploads\/2024\/06\/IMG_7876-1024x768.jpg\" alt=\"\" class=\"wp-image-1216\" srcset=\"http:\/\/gemsi-rohrbach.saarland\/wp-content\/uploads\/2024\/06\/IMG_7876-1024x768.jpg 1024w, http:\/\/gemsi-rohrbach.saarland\/wp-content\/uploads\/2024\/06\/IMG_7876-300x225.jpg 300w, http:\/\/gemsi-rohrbach.saarland\/wp-content\/uploads\/2024\/06\/IMG_7876-768x576.jpg 768w, http:\/\/gemsi-rohrbach.saarland\/wp-content\/uploads\/2024\/06\/IMG_7876-1536x1152.jpg 1536w, http:\/\/gemsi-rohrbach.saarland\/wp-content\/uploads\/2024\/06\/IMG_7876-1200x900.jpg 1200w, http:\/\/gemsi-rohrbach.saarland\/wp-content\/uploads\/2024\/06\/IMG_7876.jpg 2016w\" sizes=\"auto, (max-width: 709px) 85vw, (max-width: 909px) 67vw, (max-width: 1362px) 62vw, 840px\" \/><\/figure>\n","protected":false},"excerpt":{"rendered":"<p>Am Donnerstag, den 21.03.2024 waren die Sch\u00fclerinnen der Gemsi-Redaktion zu Gast im Bildungsministerium. Wir durften an diesem Tag die Staatssekret\u00e4rin besuchen und sie interviewen. Was Sie uns erz\u00e4hlt hat, k\u00f6nnt ihr nun hier nachlesen. Dies war f\u00fcr uns ein besonderes Erlebnis und hat uns viel Spa\u00df bereitet. Interview mit der Staatssekret\u00e4rin Frau Heide<\/p>\n","protected":false},"author":1,"featured_media":1218,"comment_status":"closed","ping_status":"open","sticky":false,"template":"","format":"standard","meta":{"footnotes":""},"categories":[1],"tags":[],"class_list":["post-1206","post","type-post","status-publish","format-standard","has-post-thumbnail","hentry","category-uncategorized"],"_links":{"self":[{"href":"http:\/\/gemsi-rohrbach.saarland\/index.php?rest_route=\/wp\/v2\/posts\/1206","targetHints":{"allow":["GET"]}}],"collection":[{"href":"http:\/\/gemsi-rohrbach.saarland\/index.php?rest_route=\/wp\/v2\/posts"}],"about":[{"href":"http:\/\/gemsi-rohrbach.saarland\/index.php?rest_route=\/wp\/v2\/types\/post"}],"author":[{"embeddable":true,"href":"http:\/\/gemsi-rohrbach.saarland\/index.php?rest_route=\/wp\/v2\/users\/1"}],"replies":[{"embeddable":true,"href":"http:\/\/gemsi-rohrbach.saarland\/index.php?rest_route=%2Fwp%2Fv2%2Fcomments&post=1206"}],"version-history":[{"count":4,"href":"http:\/\/gemsi-rohrbach.saarland\/index.php?rest_route=\/wp\/v2\/posts\/1206\/revisions"}],"predecessor-version":[{"id":1217,"href":"http:\/\/gemsi-rohrbach.saarland\/index.php?rest_route=\/wp\/v2\/posts\/1206\/revisions\/1217"}],"wp:featuredmedia":[{"embeddable":true,"href":"http:\/\/gemsi-rohrbach.saarland\/index.php?rest_route=\/wp\/v2\/media\/1218"}],"wp:attachment":[{"href":"http:\/\/gemsi-rohrbach.saarland\/index.php?rest_route=%2Fwp%2Fv2%2Fmedia&parent=1206"}],"wp:term":[{"taxonomy":"category","embeddable":true,"href":"http:\/\/gemsi-rohrbach.saarland\/index.php?rest_route=%2Fwp%2Fv2%2Fcategories&post=1206"},{"taxonomy":"post_tag","embeddable":true,"href":"http:\/\/gemsi-rohrbach.saarland\/index.php?rest_route=%2Fwp%2Fv2%2Ftags&post=1206"}],"curies":[{"name":"wp","href":"https:\/\/api.w.org\/{rel}","templated":true}]}}