{"id":1201,"date":"2024-02-22T14:25:56","date_gmt":"2024-02-22T14:25:56","guid":{"rendered":"http:\/\/gemsi-rohrbach.saarland\/?p=1201"},"modified":"2024-02-22T14:25:56","modified_gmt":"2024-02-22T14:25:56","slug":"interview-mit-referatsleiterin-frau-bleyer-kultusministerium","status":"publish","type":"post","link":"http:\/\/gemsi-rohrbach.saarland\/?p=1201","title":{"rendered":"Interview mit Referatsleiterin Frau Bleyer (Kultusministerium)"},"content":{"rendered":"<p>Heute durften wir im Rahmen des Tags der offenen T\u00fcr mit Fr. Bleyer vom Kultusministerium ein Interview f\u00fchren. Sie ist Referatsleiterin der Abteilung C (Gemeinschaftsschulen).<\/p>\n<p><strong>Gemsi-Redaktion:<\/strong> Wieso war es Ihnen wichtig, heute zu uns an die Schule zu kommen?<br \/>\n<strong>Fr. Bleyer:<\/strong> Es ist mir eine gro\u00dfe Ehre, die Staatssekret\u00e4rin zu vertreten. Ich bin schon lange eine Kollegin von Frau Fritz und es war mir ein pers\u00f6nliches Anliegen heute hier zu sein. Insbesondere in der momentanen Zeit, in der die antidemokratischen Kr\u00e4fte unser Land st\u00f6ren, bin ich sehr gerne hierher gekommen, um bei der Verleihung des Titels &#8222;Schule ohne Rassismus &#8211; Schule mit Courage&#8220; teilzunehmen.<\/p>\n<p><strong>Gemsi-Redaktion:<\/strong> Wie gef\u00e4llt es Ihnen an unserer Schule?<br \/>\n<strong>Fr. Bleyer:<\/strong> Mir hat es bei euch schon immer sehr gut gefallen. Hier ist ein hoher Spirit des Miteinanders und des Respekts, der sowohl im Kollegium als in der Schulgemeinschaft gelebt wird.<\/p>\n<p><strong>Gemsi-Redaktion<\/strong>: Sie waren fr\u00fcher selbst Lehrerin und Schulleiterin &#8211; Was vermissen Sie an Ihrem alten Beruf?<br \/>\n<strong>Fr. Bleyer:<\/strong> Heute ist mir sehr bewusst geworden, dass mir das Pulsierende in einer Schulgemeinschaft fehlt: Junge Leute, die sich entwickeln, jahrgangs\u00fcbergreifende Projekte, das Wiedersehen mit ehemaligen Sch\u00fcler*innen und das Miteinander mit Sch\u00fcler*innen und Kollegen*innen. All das vermisse ich schon.<\/p>\n<p><strong>Gemsi-Redaktion:<\/strong> Was gef\u00e4llt Ihnen an Ihrer neuen T\u00e4tigkeit?<br \/>\n<strong>Fr. Bleyer<\/strong>: Mir gef\u00e4llt die konzeptionelle Arbeit, die Zukunft von Schulen zu gestalten. Eine neue Gemeinschaftsschulverordnung steht an, in der wir die Gemeinschaftsschulen st\u00e4rken und effektiver machen m\u00f6chten.<\/p>\n<p><a href=\"http:\/\/gemsi-rohrbach.saarland\/?attachment_id=1202\" rel=\"attachment wp-att-1202\"><img loading=\"lazy\" decoding=\"async\" class=\"alignnone size-medium wp-image-1202\" src=\"http:\/\/gemsi-rohrbach.saarland\/wp-content\/uploads\/2024\/02\/Foto-Bleyer-300x220.jpg\" alt=\"\" width=\"300\" height=\"220\" srcset=\"http:\/\/gemsi-rohrbach.saarland\/wp-content\/uploads\/2024\/02\/Foto-Bleyer-300x220.jpg 300w, http:\/\/gemsi-rohrbach.saarland\/wp-content\/uploads\/2024\/02\/Foto-Bleyer-768x562.jpg 768w, http:\/\/gemsi-rohrbach.saarland\/wp-content\/uploads\/2024\/02\/Foto-Bleyer-1024x750.jpg 1024w, http:\/\/gemsi-rohrbach.saarland\/wp-content\/uploads\/2024\/02\/Foto-Bleyer.jpg 1080w\" sizes=\"auto, (max-width: 300px) 85vw, 300px\" \/><\/a><\/p>\n<p>&nbsp;<\/p>\n","protected":false},"excerpt":{"rendered":"<p>Heute durften wir im Rahmen des Tags der offenen T\u00fcr mit Fr. Bleyer vom Kultusministerium ein Interview f\u00fchren. Sie ist Referatsleiterin der Abteilung C (Gemeinschaftsschulen). Gemsi-Redaktion: Wieso war es Ihnen wichtig, heute zu uns an die Schule zu kommen? Fr. Bleyer: Es ist mir eine gro\u00dfe Ehre, die Staatssekret\u00e4rin zu vertreten. Ich bin schon lange &hellip; <a href=\"http:\/\/gemsi-rohrbach.saarland\/?p=1201\" class=\"more-link\"><span class=\"screen-reader-text\">\u201eInterview mit Referatsleiterin Frau Bleyer (Kultusministerium)\u201c<\/span> weiterlesen<\/a><\/p>\n","protected":false},"author":1,"featured_media":1202,"comment_status":"closed","ping_status":"open","sticky":false,"template":"","format":"standard","meta":{"footnotes":""},"categories":[1],"tags":[],"class_list":["post-1201","post","type-post","status-publish","format-standard","has-post-thumbnail","hentry","category-uncategorized"],"_links":{"self":[{"href":"http:\/\/gemsi-rohrbach.saarland\/index.php?rest_route=\/wp\/v2\/posts\/1201","targetHints":{"allow":["GET"]}}],"collection":[{"href":"http:\/\/gemsi-rohrbach.saarland\/index.php?rest_route=\/wp\/v2\/posts"}],"about":[{"href":"http:\/\/gemsi-rohrbach.saarland\/index.php?rest_route=\/wp\/v2\/types\/post"}],"author":[{"embeddable":true,"href":"http:\/\/gemsi-rohrbach.saarland\/index.php?rest_route=\/wp\/v2\/users\/1"}],"replies":[{"embeddable":true,"href":"http:\/\/gemsi-rohrbach.saarland\/index.php?rest_route=%2Fwp%2Fv2%2Fcomments&post=1201"}],"version-history":[{"count":1,"href":"http:\/\/gemsi-rohrbach.saarland\/index.php?rest_route=\/wp\/v2\/posts\/1201\/revisions"}],"predecessor-version":[{"id":1203,"href":"http:\/\/gemsi-rohrbach.saarland\/index.php?rest_route=\/wp\/v2\/posts\/1201\/revisions\/1203"}],"wp:featuredmedia":[{"embeddable":true,"href":"http:\/\/gemsi-rohrbach.saarland\/index.php?rest_route=\/wp\/v2\/media\/1202"}],"wp:attachment":[{"href":"http:\/\/gemsi-rohrbach.saarland\/index.php?rest_route=%2Fwp%2Fv2%2Fmedia&parent=1201"}],"wp:term":[{"taxonomy":"category","embeddable":true,"href":"http:\/\/gemsi-rohrbach.saarland\/index.php?rest_route=%2Fwp%2Fv2%2Fcategories&post=1201"},{"taxonomy":"post_tag","embeddable":true,"href":"http:\/\/gemsi-rohrbach.saarland\/index.php?rest_route=%2Fwp%2Fv2%2Ftags&post=1201"}],"curies":[{"name":"wp","href":"https:\/\/api.w.org\/{rel}","templated":true}]}}